{"id":943,"date":"2026-04-29T21:56:09","date_gmt":"2026-04-29T19:56:09","guid":{"rendered":"https:\/\/parafiaswpawla.pl\/?p=943"},"modified":"2026-04-29T21:57:59","modified_gmt":"2026-04-29T19:57:59","slug":"eucharystia-z-modlitwa-o-uzdrowienie-30-04-2026-r","status":"publish","type":"post","link":"https:\/\/parafiaswpawla.pl\/index.php\/2026\/04\/29\/eucharystia-z-modlitwa-o-uzdrowienie-30-04-2026-r\/","title":{"rendered":"Eucharystia z modlitw\u0105 o uzdrowienie 30.04.2026 r."},"content":{"rendered":"\n<p>Ju\u017c w najbli\u017cszy czwartek 30.04.2026 r. o 19:30 w\u00a0Parafii \u015bw. Paw\u0142a Aposto\u0142a w Bielsku-Bia\u0142ej\u00a0odb\u0119dzie si\u0119 comiesi\u0119czna Eucharystia z modlitw\u0105 o uzdrowienie duszy i cia\u0142a prowadzona przez Wsp\u00f3lnot\u0119 Ewangelizacyjn\u0105 \u015bw. Paw\u0142a.<\/p>\n\n\n\n<p>Serdecznie zapraszamy<\/p>\n\n\n\n<p><\/p>\n","protected":false},"excerpt":{"rendered":"<p>Ju\u017c w najbli\u017cszy czwartek 30.04.2026 r. o 19:30 w\u00a0Parafii \u015bw. Paw\u0142a Aposto\u0142a w Bielsku-Bia\u0142ej\u00a0odb\u0119dzie si\u0119 comiesi\u0119czna Eucharystia z modlitw\u0105 o uzdrowienie duszy i cia\u0142a prowadzona przez Wsp\u00f3lnot\u0119 Ewangelizacyjn\u0105 \u015bw. Paw\u0142a. Serdecznie zapraszamy<\/p>\n","protected":false},"author":1,"featured_media":944,"comment_status":"closed","ping_status":"open","sticky":false,"template":"","format":"standard","meta":{"footnotes":""},"categories":[1,4],"tags":[],"class_list":["post-943","post","type-post","status-publish","format-standard","has-post-thumbnail","hentry","category-wspolnoty","category-wydarzenia"],"_links":{"self":[{"href":"https:\/\/parafiaswpawla.pl\/index.php\/wp-json\/wp\/v2\/posts\/943","targetHints":{"allow":["GET"]}}],"collection":[{"href":"https:\/\/parafiaswpawla.pl\/index.php\/wp-json\/wp\/v2\/posts"}],"about":[{"href":"https:\/\/parafiaswpawla.pl\/index.php\/wp-json\/wp\/v2\/types\/post"}],"author":[{"embeddable":true,"href":"https:\/\/parafiaswpawla.pl\/index.php\/wp-json\/wp\/v2\/users\/1"}],"replies":[{"embeddable":true,"href":"https:\/\/parafiaswpawla.pl\/index.php\/wp-json\/wp\/v2\/comments?post=943"}],"version-history":[{"count":1,"href":"https:\/\/parafiaswpawla.pl\/index.php\/wp-json\/wp\/v2\/posts\/943\/revisions"}],"predecessor-version":[{"id":945,"href":"https:\/\/parafiaswpawla.pl\/index.php\/wp-json\/wp\/v2\/posts\/943\/revisions\/945"}],"wp:featuredmedia":[{"embeddable":true,"href":"https:\/\/parafiaswpawla.pl\/index.php\/wp-json\/wp\/v2\/media\/944"}],"wp:attachment":[{"href":"https:\/\/parafiaswpawla.pl\/index.php\/wp-json\/wp\/v2\/media?parent=943"}],"wp:term":[{"taxonomy":"category","embeddable":true,"href":"https:\/\/parafiaswpawla.pl\/index.php\/wp-json\/wp\/v2\/categories?post=943"},{"taxonomy":"post_tag","embeddable":true,"href":"https:\/\/parafiaswpawla.pl\/index.php\/wp-json\/wp\/v2\/tags?post=943"}],"curies":[{"name":"wp","href":"https:\/\/api.w.org\/{rel}","templated":true}]}}