{"id":918,"date":"2026-02-15T11:40:54","date_gmt":"2026-02-15T09:40:54","guid":{"rendered":"https:\/\/parafiaswpawla.pl\/?p=918"},"modified":"2026-02-15T11:40:55","modified_gmt":"2026-02-15T09:40:55","slug":"wielkopostna-szkola-modlitwy","status":"publish","type":"post","link":"https:\/\/parafiaswpawla.pl\/index.php\/2026\/02\/15\/wielkopostna-szkola-modlitwy\/","title":{"rendered":"Wielkopostna Szko\u0142a Modlitwy"},"content":{"rendered":"\n<p>Wielki Post to czas powrotu do \u017ar\u00f3d\u0142a. Wsp\u00f3lnota ewangelizacyjna przy parafii \u015bw. Paw\u0142a serdecznie zaprasza na cykl 5 spotka\u0144 w ramach Wielkopostnej Szko\u0142y Modlitwy.<\/p>\n\n\n\n<p>19.02 Czym jest modlitwa?<br>26.02 Modlitwa uwielbienia<br>05.03 Lectio Divina<br>12.03 Modlitwa skruchy<br>19.03 Modlitwa w codzienno\u015bci<\/p>\n\n\n\n<p>Nie musisz by\u0107 \u201eekspertem\u201d od wiary. Przyjd\u017a taki, jaki jeste\u015b \u2013 z pytaniami, zm\u0119czeniem lub pragnieniem czego\u015b wi\u0119cej. Daj Bogu szans\u0119, by Ci\u0119 zaskoczy\u0142!<br>\u201e<em>Panie, naucz nas si\u0119 modli\u0107&#8230;<\/em>\u201d (\u0141k 11,1)<\/p>\n","protected":false},"excerpt":{"rendered":"<p>Wielki Post to czas powrotu do \u017ar\u00f3d\u0142a. Wsp\u00f3lnota ewangelizacyjna przy parafii \u015bw. Paw\u0142a serdecznie zaprasza na cykl 5 spotka\u0144 w ramach Wielkopostnej Szko\u0142y Modlitwy. 19.02 Czym jest modlitwa?26.02 Modlitwa uwielbienia05.03 Lectio Divina12.03 Modlitwa skruchy19.03 Modlitwa w codzienno\u015bci Nie musisz by\u0107 \u201eekspertem\u201d od wiary. Przyjd\u017a taki, jaki jeste\u015b \u2013 z pytaniami, zm\u0119czeniem lub pragnieniem czego\u015b wi\u0119cej.&hellip; <br \/> <a class=\"read-more\" href=\"https:\/\/parafiaswpawla.pl\/index.php\/2026\/02\/15\/wielkopostna-szkola-modlitwy\/\">Dowiedz si\u0119 wi\u0119cej<\/a><\/p>\n","protected":false},"author":1,"featured_media":919,"comment_status":"closed","ping_status":"open","sticky":false,"template":"","format":"standard","meta":{"footnotes":""},"categories":[4],"tags":[],"class_list":["post-918","post","type-post","status-publish","format-standard","has-post-thumbnail","hentry","category-wydarzenia"],"_links":{"self":[{"href":"https:\/\/parafiaswpawla.pl\/index.php\/wp-json\/wp\/v2\/posts\/918","targetHints":{"allow":["GET"]}}],"collection":[{"href":"https:\/\/parafiaswpawla.pl\/index.php\/wp-json\/wp\/v2\/posts"}],"about":[{"href":"https:\/\/parafiaswpawla.pl\/index.php\/wp-json\/wp\/v2\/types\/post"}],"author":[{"embeddable":true,"href":"https:\/\/parafiaswpawla.pl\/index.php\/wp-json\/wp\/v2\/users\/1"}],"replies":[{"embeddable":true,"href":"https:\/\/parafiaswpawla.pl\/index.php\/wp-json\/wp\/v2\/comments?post=918"}],"version-history":[{"count":1,"href":"https:\/\/parafiaswpawla.pl\/index.php\/wp-json\/wp\/v2\/posts\/918\/revisions"}],"predecessor-version":[{"id":920,"href":"https:\/\/parafiaswpawla.pl\/index.php\/wp-json\/wp\/v2\/posts\/918\/revisions\/920"}],"wp:featuredmedia":[{"embeddable":true,"href":"https:\/\/parafiaswpawla.pl\/index.php\/wp-json\/wp\/v2\/media\/919"}],"wp:attachment":[{"href":"https:\/\/parafiaswpawla.pl\/index.php\/wp-json\/wp\/v2\/media?parent=918"}],"wp:term":[{"taxonomy":"category","embeddable":true,"href":"https:\/\/parafiaswpawla.pl\/index.php\/wp-json\/wp\/v2\/categories?post=918"},{"taxonomy":"post_tag","embeddable":true,"href":"https:\/\/parafiaswpawla.pl\/index.php\/wp-json\/wp\/v2\/tags?post=918"}],"curies":[{"name":"wp","href":"https:\/\/api.w.org\/{rel}","templated":true}]}}