{"id":878,"date":"2025-10-25T14:04:03","date_gmt":"2025-10-25T12:04:03","guid":{"rendered":"https:\/\/pawelbielsko.sacio.pl\/?p=878"},"modified":"2025-10-25T14:04:04","modified_gmt":"2025-10-25T12:04:04","slug":"eucharystia-z-modlitwa-o-uzdrowienie-30-10-2025r","status":"publish","type":"post","link":"https:\/\/parafiaswpawla.pl\/index.php\/2025\/10\/25\/eucharystia-z-modlitwa-o-uzdrowienie-30-10-2025r\/","title":{"rendered":"Eucharystia z modlitw\u0105 o uzdrowienie 30.10.2025r."},"content":{"rendered":"\n<p>Ju\u017c w najbli\u017cszy czwartek 30.10.2025 r. o 19:30 w\u00a0Parafii \u015bw. Paw\u0142a Aposto\u0142a w Bielsku-Bia\u0142ej\u00a0odb\u0119dzie si\u0119 comiesi\u0119czna Eucharystia z modlitw\u0105 o uzdrowienie duszy i cia\u0142a prowadzona przez Wsp\u00f3lnot\u0119 Ewangelizacyjn\u0105 \u015bw. Paw\u0142a. Serdecznie zapraszamy<\/p>\n\n\n\n<p><\/p>\n","protected":false},"excerpt":{"rendered":"<p>Ju\u017c w najbli\u017cszy czwartek 30.10.2025 r. o 19:30 w\u00a0Parafii \u015bw. Paw\u0142a Aposto\u0142a w Bielsku-Bia\u0142ej\u00a0odb\u0119dzie si\u0119 comiesi\u0119czna Eucharystia z modlitw\u0105 o uzdrowienie duszy i cia\u0142a prowadzona przez Wsp\u00f3lnot\u0119 Ewangelizacyjn\u0105 \u015bw. Paw\u0142a. Serdecznie zapraszamy<\/p>\n","protected":false},"author":1,"featured_media":879,"comment_status":"closed","ping_status":"open","sticky":false,"template":"","format":"standard","meta":{"footnotes":""},"categories":[4],"tags":[],"class_list":["post-878","post","type-post","status-publish","format-standard","has-post-thumbnail","hentry","category-wydarzenia"],"_links":{"self":[{"href":"https:\/\/parafiaswpawla.pl\/index.php\/wp-json\/wp\/v2\/posts\/878","targetHints":{"allow":["GET"]}}],"collection":[{"href":"https:\/\/parafiaswpawla.pl\/index.php\/wp-json\/wp\/v2\/posts"}],"about":[{"href":"https:\/\/parafiaswpawla.pl\/index.php\/wp-json\/wp\/v2\/types\/post"}],"author":[{"embeddable":true,"href":"https:\/\/parafiaswpawla.pl\/index.php\/wp-json\/wp\/v2\/users\/1"}],"replies":[{"embeddable":true,"href":"https:\/\/parafiaswpawla.pl\/index.php\/wp-json\/wp\/v2\/comments?post=878"}],"version-history":[{"count":1,"href":"https:\/\/parafiaswpawla.pl\/index.php\/wp-json\/wp\/v2\/posts\/878\/revisions"}],"predecessor-version":[{"id":880,"href":"https:\/\/parafiaswpawla.pl\/index.php\/wp-json\/wp\/v2\/posts\/878\/revisions\/880"}],"wp:featuredmedia":[{"embeddable":true,"href":"https:\/\/parafiaswpawla.pl\/index.php\/wp-json\/wp\/v2\/media\/879"}],"wp:attachment":[{"href":"https:\/\/parafiaswpawla.pl\/index.php\/wp-json\/wp\/v2\/media?parent=878"}],"wp:term":[{"taxonomy":"category","embeddable":true,"href":"https:\/\/parafiaswpawla.pl\/index.php\/wp-json\/wp\/v2\/categories?post=878"},{"taxonomy":"post_tag","embeddable":true,"href":"https:\/\/parafiaswpawla.pl\/index.php\/wp-json\/wp\/v2\/tags?post=878"}],"curies":[{"name":"wp","href":"https:\/\/api.w.org\/{rel}","templated":true}]}}