{"id":600,"date":"2024-09-06T17:05:03","date_gmt":"2024-09-06T15:05:03","guid":{"rendered":"https:\/\/pawelbielsko.sacio.pl\/?p=600"},"modified":"2024-09-06T17:05:03","modified_gmt":"2024-09-06T15:05:03","slug":"oaza-mlodziezowa-zaprasza-na-spotkania","status":"publish","type":"post","link":"https:\/\/parafiaswpawla.pl\/index.php\/2024\/09\/06\/oaza-mlodziezowa-zaprasza-na-spotkania\/","title":{"rendered":"Oaza m\u0142odzie\u017cowa zaprasza na spotkania"},"content":{"rendered":"\n<p>Szukasz ludzi, z kt\u00f3rymi mo\u017cesz dzieli\u0107 si\u0119 wiar\u0105? Ko\u0144czysz szko\u0142\u0119 podstawow\u0105 &#8211; a mo\u017ce w\u0142a\u015bnie j\u0105 sko\u0144czy\u0142e\u015b &#8211; i zastanawiasz si\u0119, jak \u017cy\u0107? \ud83e\udd14 Dobrze trafi\u0142e\u015b &#8211; my te\u017c szukamy odpowiedzi \ud83e\uddd0 \u2026 Do\u0142\u0105cz do nas, bo razem zawsze\u00a0jest\u00a0lepiej\u00a0\ud83e\udd1d<\/p>\n\n\n\n<p><\/p>\n","protected":false},"excerpt":{"rendered":"<p>Szukasz ludzi, z kt\u00f3rymi mo\u017cesz dzieli\u0107 si\u0119 wiar\u0105? Ko\u0144czysz szko\u0142\u0119 podstawow\u0105 &#8211; a mo\u017ce w\u0142a\u015bnie j\u0105 sko\u0144czy\u0142e\u015b &#8211; i zastanawiasz si\u0119, jak \u017cy\u0107? \ud83e\udd14 Dobrze trafi\u0142e\u015b &#8211; my te\u017c szukamy odpowiedzi \ud83e\uddd0 \u2026 Do\u0142\u0105cz do nas, bo razem zawsze\u00a0jest\u00a0lepiej\u00a0\ud83e\udd1d<\/p>\n","protected":false},"author":1,"featured_media":601,"comment_status":"closed","ping_status":"open","sticky":false,"template":"","format":"standard","meta":{"footnotes":""},"categories":[1],"tags":[],"class_list":["post-600","post","type-post","status-publish","format-standard","has-post-thumbnail","hentry","category-wspolnoty"],"_links":{"self":[{"href":"https:\/\/parafiaswpawla.pl\/index.php\/wp-json\/wp\/v2\/posts\/600","targetHints":{"allow":["GET"]}}],"collection":[{"href":"https:\/\/parafiaswpawla.pl\/index.php\/wp-json\/wp\/v2\/posts"}],"about":[{"href":"https:\/\/parafiaswpawla.pl\/index.php\/wp-json\/wp\/v2\/types\/post"}],"author":[{"embeddable":true,"href":"https:\/\/parafiaswpawla.pl\/index.php\/wp-json\/wp\/v2\/users\/1"}],"replies":[{"embeddable":true,"href":"https:\/\/parafiaswpawla.pl\/index.php\/wp-json\/wp\/v2\/comments?post=600"}],"version-history":[{"count":1,"href":"https:\/\/parafiaswpawla.pl\/index.php\/wp-json\/wp\/v2\/posts\/600\/revisions"}],"predecessor-version":[{"id":602,"href":"https:\/\/parafiaswpawla.pl\/index.php\/wp-json\/wp\/v2\/posts\/600\/revisions\/602"}],"wp:featuredmedia":[{"embeddable":true,"href":"https:\/\/parafiaswpawla.pl\/index.php\/wp-json\/wp\/v2\/media\/601"}],"wp:attachment":[{"href":"https:\/\/parafiaswpawla.pl\/index.php\/wp-json\/wp\/v2\/media?parent=600"}],"wp:term":[{"taxonomy":"category","embeddable":true,"href":"https:\/\/parafiaswpawla.pl\/index.php\/wp-json\/wp\/v2\/categories?post=600"},{"taxonomy":"post_tag","embeddable":true,"href":"https:\/\/parafiaswpawla.pl\/index.php\/wp-json\/wp\/v2\/tags?post=600"}],"curies":[{"name":"wp","href":"https:\/\/api.w.org\/{rel}","templated":true}]}}