{"id":566,"date":"2024-07-30T10:18:54","date_gmt":"2024-07-30T08:18:54","guid":{"rendered":"https:\/\/pawelbielsko.sacio.pl\/?p=566"},"modified":"2024-08-27T12:00:08","modified_gmt":"2024-08-27T10:00:08","slug":"eucharystia-z-modlitwa-o-uzdrowienie-5","status":"publish","type":"post","link":"https:\/\/parafiaswpawla.pl\/index.php\/2024\/07\/30\/eucharystia-z-modlitwa-o-uzdrowienie-5\/","title":{"rendered":"Eucharystia z modlitw\u0105 o uzdrowienie"},"content":{"rendered":"\n<p>Ju\u017c w najbli\u017csz\u0105 \u015arod\u0119 31.07.2024 r. o 19:30 w\u00a0Parafia \u015bw. Paw\u0142a Aposto\u0142a w Bielsku-Bia\u0142ej\u00a0odb\u0119dzie si\u0119 comiesi\u0119czna Eucharystia z modlitw\u0105 o uzdrowienie duszy i cia\u0142a prowadzona przez Wsp\u00f3lnot\u0119 Ewangelizacyjn\u0105 \u015bw. Paw\u0142a. Serdecznie zapraszamy\u00a0<\/p>\n\n\n\n<p><\/p>\n","protected":false},"excerpt":{"rendered":"<p>Ju\u017c w najbli\u017csz\u0105 \u015arod\u0119 31.07.2024 r. o 19:30 w\u00a0Parafia \u015bw. Paw\u0142a Aposto\u0142a w Bielsku-Bia\u0142ej\u00a0odb\u0119dzie si\u0119 comiesi\u0119czna Eucharystia z modlitw\u0105 o uzdrowienie duszy i cia\u0142a prowadzona przez Wsp\u00f3lnot\u0119 Ewangelizacyjn\u0105 \u015bw. Paw\u0142a. Serdecznie zapraszamy\u00a0<\/p>\n","protected":false},"author":1,"featured_media":567,"comment_status":"closed","ping_status":"closed","sticky":false,"template":"","format":"standard","meta":{"footnotes":""},"categories":[1,4],"tags":[],"class_list":["post-566","post","type-post","status-publish","format-standard","has-post-thumbnail","hentry","category-wspolnoty","category-wydarzenia"],"_links":{"self":[{"href":"https:\/\/parafiaswpawla.pl\/index.php\/wp-json\/wp\/v2\/posts\/566","targetHints":{"allow":["GET"]}}],"collection":[{"href":"https:\/\/parafiaswpawla.pl\/index.php\/wp-json\/wp\/v2\/posts"}],"about":[{"href":"https:\/\/parafiaswpawla.pl\/index.php\/wp-json\/wp\/v2\/types\/post"}],"author":[{"embeddable":true,"href":"https:\/\/parafiaswpawla.pl\/index.php\/wp-json\/wp\/v2\/users\/1"}],"replies":[{"embeddable":true,"href":"https:\/\/parafiaswpawla.pl\/index.php\/wp-json\/wp\/v2\/comments?post=566"}],"version-history":[{"count":1,"href":"https:\/\/parafiaswpawla.pl\/index.php\/wp-json\/wp\/v2\/posts\/566\/revisions"}],"predecessor-version":[{"id":568,"href":"https:\/\/parafiaswpawla.pl\/index.php\/wp-json\/wp\/v2\/posts\/566\/revisions\/568"}],"wp:featuredmedia":[{"embeddable":true,"href":"https:\/\/parafiaswpawla.pl\/index.php\/wp-json\/wp\/v2\/media\/567"}],"wp:attachment":[{"href":"https:\/\/parafiaswpawla.pl\/index.php\/wp-json\/wp\/v2\/media?parent=566"}],"wp:term":[{"taxonomy":"category","embeddable":true,"href":"https:\/\/parafiaswpawla.pl\/index.php\/wp-json\/wp\/v2\/categories?post=566"},{"taxonomy":"post_tag","embeddable":true,"href":"https:\/\/parafiaswpawla.pl\/index.php\/wp-json\/wp\/v2\/tags?post=566"}],"curies":[{"name":"wp","href":"https:\/\/api.w.org\/{rel}","templated":true}]}}