{"id":560,"date":"2024-07-19T12:30:55","date_gmt":"2024-07-19T10:30:55","guid":{"rendered":"https:\/\/pawelbielsko.sacio.pl\/?p=560"},"modified":"2024-08-27T12:00:14","modified_gmt":"2024-08-27T10:00:14","slug":"in-memoriam","status":"publish","type":"post","link":"https:\/\/parafiaswpawla.pl\/index.php\/2024\/07\/19\/in-memoriam\/","title":{"rendered":"in Memoriam"},"content":{"rendered":"\n<p>Serdecznie zapraszamy na kolejny koncert pami\u0119ci z cyklu \u201ein Memoriam\u201d, kt\u00f3ry organizujemy wraz z\u00a0<a href=\"https:\/\/www.facebook.com\/maciek.llesniak?__cft__[0]=AZUlKDiaAkOuODCRxNCodaZvAOMco_8aVV7P3iECAtQcWZN4cokuXrNa2kkL_Us6JODNTjUB-M8cRTP7tAKduy_b51hjDizMKE3jyZ1dAvBU3HccHiqcH3RFHsdkeGhzcjzlA3SG-Hqoqr0NsIAqHfp2qe35YoPxu44AcHwSeotwD375u8WLE7uJPEt48S-mwio&amp;__tn__=-]K*F\">Maciej Le\u015bniak<\/a>\u00a0i\u00a0<a href=\"https:\/\/www.facebook.com\/profile.php?id=100078026215543&amp;__cft__[0]=AZUlKDiaAkOuODCRxNCodaZvAOMco_8aVV7P3iECAtQcWZN4cokuXrNa2kkL_Us6JODNTjUB-M8cRTP7tAKduy_b51hjDizMKE3jyZ1dAvBU3HccHiqcH3RFHsdkeGhzcjzlA3SG-Hqoqr0NsIAqHfp2qe35YoPxu44AcHwSeotwD375u8WLE7uJPEt48S-mwio&amp;__tn__=-]K*F\">Stowarzyszenie Harmonia Aetheria<\/a>\u00a0od 2022 roku.<br>Chcieliby\u015bmy teraz przypomnie\u0107 posta\u0107 W\u0142adys\u0142awa Linderta &#8211; wieloletniego organisty, dyrygenta i kompozytora pracuj\u0105cego w ko\u015bciele \u015bw. Miko\u0142aja w Bielsku-Bia\u0142ej (obecna katedra).<\/p>\n\n\n\n<p>Koncert odb\u0119dzie si\u0119 w\u00a0<a href=\"https:\/\/www.facebook.com\/profile.php?id=100067791833368&amp;__cft__[0]=AZUlKDiaAkOuODCRxNCodaZvAOMco_8aVV7P3iECAtQcWZN4cokuXrNa2kkL_Us6JODNTjUB-M8cRTP7tAKduy_b51hjDizMKE3jyZ1dAvBU3HccHiqcH3RFHsdkeGhzcjzlA3SG-Hqoqr0NsIAqHfp2qe35YoPxu44AcHwSeotwD375u8WLE7uJPEt48S-mwio&amp;__tn__=-]K*F\">Parafia \u015bw. Paw\u0142a Aposto\u0142a w Bielsku-Bia\u0142ej<\/a>, gdzie znajduje si\u0119 \u015bwietny instrument Metzlera relokowany przez\u00a0<a href=\"https:\/\/www.facebook.com\/jerzy.kukla.1?__cft__[0]=AZUlKDiaAkOuODCRxNCodaZvAOMco_8aVV7P3iECAtQcWZN4cokuXrNa2kkL_Us6JODNTjUB-M8cRTP7tAKduy_b51hjDizMKE3jyZ1dAvBU3HccHiqcH3RFHsdkeGhzcjzlA3SG-Hqoqr0NsIAqHfp2qe35YoPxu44AcHwSeotwD375u8WLE7uJPEt48S-mwio&amp;__tn__=-]K*F\">Jerzy Kukla<\/a>. Mieli\u015bmy te\u017c sw\u00f3j udzia\u0142 przy tym instrumencie (<a href=\"https:\/\/www.facebook.com\/tomasz.barcik.5?__cft__[0]=AZUlKDiaAkOuODCRxNCodaZvAOMco_8aVV7P3iECAtQcWZN4cokuXrNa2kkL_Us6JODNTjUB-M8cRTP7tAKduy_b51hjDizMKE3jyZ1dAvBU3HccHiqcH3RFHsdkeGhzcjzlA3SG-Hqoqr0NsIAqHfp2qe35YoPxu44AcHwSeotwD375u8WLE7uJPEt48S-mwio&amp;__tn__=-UC*F\">Tomasz Barcik<\/a>) &#8211; kilka miesi\u0119cy temu zamontowali\u015bmy tam Fagot 16\u2019, a jeszcze wcze\u015bniej wykonali\u015bmy serwis i czyszczenie. Ten instrumencik to prawdziwa pere\u0142ka, kt\u00f3r\u0105 trzeba us\u0142ysze\u0107!<\/p>\n\n\n\n<p>Koncert wykona znany i ceniony&nbsp;<a href=\"https:\/\/www.facebook.com\/kamil.fras.5?__cft__[0]=AZUlKDiaAkOuODCRxNCodaZvAOMco_8aVV7P3iECAtQcWZN4cokuXrNa2kkL_Us6JODNTjUB-M8cRTP7tAKduy_b51hjDizMKE3jyZ1dAvBU3HccHiqcH3RFHsdkeGhzcjzlA3SG-Hqoqr0NsIAqHfp2qe35YoPxu44AcHwSeotwD375u8WLE7uJPEt48S-mwio&amp;__tn__=-]K*F\">Kamil Fr\u0105\u015b<\/a>, a na alt\u00f3wce zagra moja wspania\u0142a i zdolna \u017cona&nbsp;<a href=\"https:\/\/www.facebook.com\/ania.utmanczyk?__cft__[0]=AZUlKDiaAkOuODCRxNCodaZvAOMco_8aVV7P3iECAtQcWZN4cokuXrNa2kkL_Us6JODNTjUB-M8cRTP7tAKduy_b51hjDizMKE3jyZ1dAvBU3HccHiqcH3RFHsdkeGhzcjzlA3SG-Hqoqr0NsIAqHfp2qe35YoPxu44AcHwSeotwD375u8WLE7uJPEt48S-mwio&amp;__tn__=-]K*F\">Anna Utma\u0144czyk-Barcik<\/a><img loading=\"lazy\" decoding=\"async\" height=\"16\" width=\"16\" alt=\"\ud83d\ude0d\" src=\"https:\/\/static.xx.fbcdn.net\/images\/emoji.php\/v9\/t2\/1\/16\/1f60d.png\"><\/p>\n\n\n\n<p>Serdecznie zapraszamy!<\/p>\n\n\n\n<figure class=\"wp-block-image size-large\"><img loading=\"lazy\" decoding=\"async\" width=\"732\" height=\"1024\" src=\"https:\/\/parafiaswpawla.pl\/wp-content\/uploads\/2024\/07\/Koncert072024-732x1024.jpg\" alt=\"in Memoriam\" class=\"wp-image-561\" srcset=\"https:\/\/parafiaswpawla.pl\/wp-content\/uploads\/2024\/07\/Koncert072024-732x1024.jpg 732w, https:\/\/parafiaswpawla.pl\/wp-content\/uploads\/2024\/07\/Koncert072024-214x300.jpg 214w, https:\/\/parafiaswpawla.pl\/wp-content\/uploads\/2024\/07\/Koncert072024-768x1074.jpg 768w, https:\/\/parafiaswpawla.pl\/wp-content\/uploads\/2024\/07\/Koncert072024-1098x1536.jpg 1098w, https:\/\/parafiaswpawla.pl\/wp-content\/uploads\/2024\/07\/Koncert072024-1024x1432.jpg 1024w, https:\/\/parafiaswpawla.pl\/wp-content\/uploads\/2024\/07\/Koncert072024-772x1080.jpg 772w, https:\/\/parafiaswpawla.pl\/wp-content\/uploads\/2024\/07\/Koncert072024.jpg 1464w\" sizes=\"auto, (max-width: 732px) 100vw, 732px\" \/><\/figure>\n","protected":false},"excerpt":{"rendered":"<p>Serdecznie zapraszamy na kolejny koncert pami\u0119ci z cyklu \u201ein Memoriam\u201d, kt\u00f3ry organizujemy wraz z\u00a0Maciej Le\u015bniak\u00a0i\u00a0Stowarzyszenie Harmonia Aetheria\u00a0od 2022 roku.Chcieliby\u015bmy teraz przypomnie\u0107 posta\u0107 W\u0142adys\u0142awa Linderta &#8211; wieloletniego organisty, dyrygenta i kompozytora pracuj\u0105cego w ko\u015bciele \u015bw. Miko\u0142aja w Bielsku-Bia\u0142ej (obecna katedra). Koncert odb\u0119dzie si\u0119 w\u00a0Parafia \u015bw. Paw\u0142a Aposto\u0142a w Bielsku-Bia\u0142ej, gdzie znajduje si\u0119 \u015bwietny instrument Metzlera relokowany&hellip; <br \/> <a class=\"read-more\" href=\"https:\/\/parafiaswpawla.pl\/index.php\/2024\/07\/19\/in-memoriam\/\">Dowiedz si\u0119 wi\u0119cej<\/a><\/p>\n","protected":false},"author":1,"featured_media":561,"comment_status":"closed","ping_status":"closed","sticky":false,"template":"","format":"standard","meta":{"footnotes":""},"categories":[4],"tags":[],"class_list":["post-560","post","type-post","status-publish","format-standard","has-post-thumbnail","hentry","category-wydarzenia"],"_links":{"self":[{"href":"https:\/\/parafiaswpawla.pl\/index.php\/wp-json\/wp\/v2\/posts\/560","targetHints":{"allow":["GET"]}}],"collection":[{"href":"https:\/\/parafiaswpawla.pl\/index.php\/wp-json\/wp\/v2\/posts"}],"about":[{"href":"https:\/\/parafiaswpawla.pl\/index.php\/wp-json\/wp\/v2\/types\/post"}],"author":[{"embeddable":true,"href":"https:\/\/parafiaswpawla.pl\/index.php\/wp-json\/wp\/v2\/users\/1"}],"replies":[{"embeddable":true,"href":"https:\/\/parafiaswpawla.pl\/index.php\/wp-json\/wp\/v2\/comments?post=560"}],"version-history":[{"count":1,"href":"https:\/\/parafiaswpawla.pl\/index.php\/wp-json\/wp\/v2\/posts\/560\/revisions"}],"predecessor-version":[{"id":562,"href":"https:\/\/parafiaswpawla.pl\/index.php\/wp-json\/wp\/v2\/posts\/560\/revisions\/562"}],"wp:featuredmedia":[{"embeddable":true,"href":"https:\/\/parafiaswpawla.pl\/index.php\/wp-json\/wp\/v2\/media\/561"}],"wp:attachment":[{"href":"https:\/\/parafiaswpawla.pl\/index.php\/wp-json\/wp\/v2\/media?parent=560"}],"wp:term":[{"taxonomy":"category","embeddable":true,"href":"https:\/\/parafiaswpawla.pl\/index.php\/wp-json\/wp\/v2\/categories?post=560"},{"taxonomy":"post_tag","embeddable":true,"href":"https:\/\/parafiaswpawla.pl\/index.php\/wp-json\/wp\/v2\/tags?post=560"}],"curies":[{"name":"wp","href":"https:\/\/api.w.org\/{rel}","templated":true}]}}