{"id":471,"date":"2024-03-22T13:40:00","date_gmt":"2024-03-22T11:40:00","guid":{"rendered":"https:\/\/pawelbielsko.sacio.pl\/?p=471"},"modified":"2024-03-22T13:40:31","modified_gmt":"2024-03-22T11:40:31","slug":"eucharystia-z-modlitwa-o-uzdrowienie-2","status":"publish","type":"post","link":"https:\/\/parafiaswpawla.pl\/index.php\/2024\/03\/22\/eucharystia-z-modlitwa-o-uzdrowienie-2\/","title":{"rendered":"Eucharystia z modlitw\u0105 o uzdrowienie"},"content":{"rendered":"\n<p>Ju\u017c w najbli\u017csz\u0105 Wielk\u0105 \u015arod\u0119 o 19:30 w <a href=\"https:\/\/www.facebook.com\/profile.php?id=100067791833368&amp;__cft__[0]=AZULUer2gK_QlSE8-d2GmPKqxJx25itOsrxQqN6hGb1DC2o4mAW_3W7sqcNug2NdJ-cURrCzHqjSDWJPmApDlE3eY7J7wktijLd8Su2P0G3exOyrl3VR1OPD00GGUMA8YjTktxBoBLibR_IlcwtCi8brPTTLJuV_olXUAgugnk2aq4CZT2hikSHEW7DkjcpWATg&amp;__tn__=-]K-R\">Parafia \u015bw. Paw\u0142a Aposto\u0142a w Bielsku-Bia\u0142ej<\/a> odb\u0119dzie si\u0119 comiesi\u0119czna Eucharystia z modlitw\u0105 o uzdrowienie duszy i cia\u0142a prowadzona przez Wsp\u00f3lnot\u0119 Ewangelizacyjn\u0105 \u015bw. Paw\u0142a. Serdecznie zapraszamy <img loading=\"lazy\" decoding=\"async\" height=\"16\" width=\"16\" src=\"https:\/\/static.xx.fbcdn.net\/images\/emoji.php\/v9\/tba\/1\/16\/1f54a.png\" alt=\"\ud83d\udd4a\"><\/p>\n","protected":false},"excerpt":{"rendered":"<p>Ju\u017c w najbli\u017csz\u0105 Wielk\u0105 \u015arod\u0119 o 19:30 w Parafia \u015bw. Paw\u0142a Aposto\u0142a w Bielsku-Bia\u0142ej odb\u0119dzie si\u0119 comiesi\u0119czna Eucharystia z modlitw\u0105 o uzdrowienie duszy i cia\u0142a prowadzona przez Wsp\u00f3lnot\u0119 Ewangelizacyjn\u0105 \u015bw. Paw\u0142a. Serdecznie zapraszamy<\/p>\n","protected":false},"author":1,"featured_media":472,"comment_status":"closed","ping_status":"closed","sticky":false,"template":"","format":"standard","meta":{"footnotes":""},"categories":[1,4],"tags":[],"class_list":["post-471","post","type-post","status-publish","format-standard","has-post-thumbnail","hentry","category-wspolnoty","category-wydarzenia"],"_links":{"self":[{"href":"https:\/\/parafiaswpawla.pl\/index.php\/wp-json\/wp\/v2\/posts\/471","targetHints":{"allow":["GET"]}}],"collection":[{"href":"https:\/\/parafiaswpawla.pl\/index.php\/wp-json\/wp\/v2\/posts"}],"about":[{"href":"https:\/\/parafiaswpawla.pl\/index.php\/wp-json\/wp\/v2\/types\/post"}],"author":[{"embeddable":true,"href":"https:\/\/parafiaswpawla.pl\/index.php\/wp-json\/wp\/v2\/users\/1"}],"replies":[{"embeddable":true,"href":"https:\/\/parafiaswpawla.pl\/index.php\/wp-json\/wp\/v2\/comments?post=471"}],"version-history":[{"count":2,"href":"https:\/\/parafiaswpawla.pl\/index.php\/wp-json\/wp\/v2\/posts\/471\/revisions"}],"predecessor-version":[{"id":474,"href":"https:\/\/parafiaswpawla.pl\/index.php\/wp-json\/wp\/v2\/posts\/471\/revisions\/474"}],"wp:featuredmedia":[{"embeddable":true,"href":"https:\/\/parafiaswpawla.pl\/index.php\/wp-json\/wp\/v2\/media\/472"}],"wp:attachment":[{"href":"https:\/\/parafiaswpawla.pl\/index.php\/wp-json\/wp\/v2\/media?parent=471"}],"wp:term":[{"taxonomy":"category","embeddable":true,"href":"https:\/\/parafiaswpawla.pl\/index.php\/wp-json\/wp\/v2\/categories?post=471"},{"taxonomy":"post_tag","embeddable":true,"href":"https:\/\/parafiaswpawla.pl\/index.php\/wp-json\/wp\/v2\/tags?post=471"}],"curies":[{"name":"wp","href":"https:\/\/api.w.org\/{rel}","templated":true}]}}