{"id":460,"date":"2024-03-17T12:27:52","date_gmt":"2024-03-17T10:27:52","guid":{"rendered":"https:\/\/pawelbielsko.sacio.pl\/?p=460"},"modified":"2025-06-24T16:28:03","modified_gmt":"2025-06-24T14:28:03","slug":"wielkopostne-filmowe-rekolekcje-ewangelizacyjne","status":"publish","type":"post","link":"https:\/\/parafiaswpawla.pl\/index.php\/2024\/03\/17\/wielkopostne-filmowe-rekolekcje-ewangelizacyjne\/","title":{"rendered":"Wielkopostne filmowe rekolekcje ewangelizacyjne"},"content":{"rendered":"\n<p>Rozpoczynamy dzi\u015b Wielkopostne filmowe rekolekcje ewangelizacyjne, kt\u00f3re<br>potrwaj\u0105 do \u015brody. Msze \u015bw. w tygodniu o 7.00 i 18.00 z kazaniami duszpasterzy.<br>W tym czasie odb\u0119d\u0105 si\u0119 projekcje poruszaj\u0105cych film\u00f3w: &#8211; O Eucharystii \u2013 w<br>poniedzia\u0142ek o godz.18:30 (Po projekcji Adoracja Pana Jezusa w Naj\u015bwi\u0119tszym<br>Sakramencie);<\/p>\n\n\n\n<ul class=\"wp-block-list\">\n<li>O \u015bw. Andrzeju Boboli \u2013 we wtorek o godz.18:30 (Po projekcji modlitwa o uproszenie \u0142ask za wstawiennictwem \u015bw. Andrzeja);<\/li>\n\n\n\n<li>O Matce Bo\u017cej \u2013 w \u015brod\u0119 o godz.18:30 (Po projekcji Akt Oddania si\u0119 Matce<br>Bo\u017cej). W parafii go\u015bcimy p. Benona Wylega\u0142\u0119 za\u0142o\u017cyciela Fundacji Filmowy<br>Ruch Ewangelizacyjny z Bielska-Bia\u0142ej, kt\u00f3ry poprowadzi spotkania ewangelizacyjne. W tym czasie b\u0119dzie r\u00f3wnie\u017c mo\u017cliwo\u015b\u0107, by zaopatrzy\u0107 si\u0119 w warto\u015bciowe<br>filmy i inne publikacje.<\/li>\n<\/ul>\n\n\n<div class=\"igd igd-shortcode-wrap igd-shortcode-embed\"><div class=\"igd-embed-wrap\"><iframe loading=\"lazy\" class=\"igd-embed\" src=\"https:\/\/drive.google.com\/file\/d\/1gFlVRdT-LCCj6BLJqNBUsrhAatLebuTz\/preview?rm=minimal\" frameborder=\"0\" width=\"100%\" height=\"\" referrerpolicy=\"no-referrer\" allow=\"autoplay\" allowfullscreen sandbox=\"allow-same-origin allow-scripts allow-popups allow-forms\"><\/iframe><\/div><\/div>","protected":false},"excerpt":{"rendered":"<p>Rozpoczynamy dzi\u015b Wielkopostne filmowe rekolekcje ewangelizacyjne, kt\u00f3repotrwaj\u0105 do \u015brody. Msze \u015bw. w tygodniu o 7.00 i 18.00 z kazaniami duszpasterzy.W tym czasie odb\u0119d\u0105 si\u0119 projekcje poruszaj\u0105cych film\u00f3w: &#8211; O Eucharystii \u2013 wponiedzia\u0142ek o godz.18:30 (Po projekcji Adoracja Pana Jezusa w Naj\u015bwi\u0119tszymSakramencie);<\/p>\n","protected":false},"author":1,"featured_media":461,"comment_status":"closed","ping_status":"closed","sticky":false,"template":"","format":"standard","meta":{"footnotes":""},"categories":[4],"tags":[],"class_list":["post-460","post","type-post","status-publish","format-standard","has-post-thumbnail","hentry","category-wydarzenia"],"_links":{"self":[{"href":"https:\/\/parafiaswpawla.pl\/index.php\/wp-json\/wp\/v2\/posts\/460","targetHints":{"allow":["GET"]}}],"collection":[{"href":"https:\/\/parafiaswpawla.pl\/index.php\/wp-json\/wp\/v2\/posts"}],"about":[{"href":"https:\/\/parafiaswpawla.pl\/index.php\/wp-json\/wp\/v2\/types\/post"}],"author":[{"embeddable":true,"href":"https:\/\/parafiaswpawla.pl\/index.php\/wp-json\/wp\/v2\/users\/1"}],"replies":[{"embeddable":true,"href":"https:\/\/parafiaswpawla.pl\/index.php\/wp-json\/wp\/v2\/comments?post=460"}],"version-history":[{"count":2,"href":"https:\/\/parafiaswpawla.pl\/index.php\/wp-json\/wp\/v2\/posts\/460\/revisions"}],"predecessor-version":[{"id":805,"href":"https:\/\/parafiaswpawla.pl\/index.php\/wp-json\/wp\/v2\/posts\/460\/revisions\/805"}],"wp:featuredmedia":[{"embeddable":true,"href":"https:\/\/parafiaswpawla.pl\/index.php\/wp-json\/wp\/v2\/media\/461"}],"wp:attachment":[{"href":"https:\/\/parafiaswpawla.pl\/index.php\/wp-json\/wp\/v2\/media?parent=460"}],"wp:term":[{"taxonomy":"category","embeddable":true,"href":"https:\/\/parafiaswpawla.pl\/index.php\/wp-json\/wp\/v2\/categories?post=460"},{"taxonomy":"post_tag","embeddable":true,"href":"https:\/\/parafiaswpawla.pl\/index.php\/wp-json\/wp\/v2\/tags?post=460"}],"curies":[{"name":"wp","href":"https:\/\/api.w.org\/{rel}","templated":true}]}}