{"id":429,"date":"2024-01-29T09:36:40","date_gmt":"2024-01-29T07:36:40","guid":{"rendered":"https:\/\/pawelbielsko.sacio.pl\/?p=429"},"modified":"2024-01-29T09:38:49","modified_gmt":"2024-01-29T07:38:49","slug":"eucharystia-z-modlitwa-o-uzdrowienie-01-2024r","status":"publish","type":"post","link":"https:\/\/parafiaswpawla.pl\/index.php\/2024\/01\/29\/eucharystia-z-modlitwa-o-uzdrowienie-01-2024r\/","title":{"rendered":"Eucharystia z modlitw\u0105 o uzdrowienie 01.2024r."},"content":{"rendered":"\n<p>Zapraszamy na Eucharysti\u0119 z modlitw\u0105 wstawiennicz\u0105 o uzdrowienie duszy i cia\u0142a.<\/p>\n\n\n\n<p>Ko\u015bci\u00f3\u0142 \u015bw. Paw\u0142a w Bielsku &#8211; Bia\u0142ej &#8211; ka\u017cda ostatnia \u015aroda miesi\u0105ca o 19:30 <\/p>\n\n\n\n<p>&#8222;<em>Cuda dziej\u0105 si\u0119 przez Jego r\u0119ce&#8221; (Mk 6, 2)<\/em><\/p>\n","protected":false},"excerpt":{"rendered":"<p>Zapraszamy na Eucharysti\u0119 z modlitw\u0105 wstawiennicz\u0105 o uzdrowienie duszy i cia\u0142a. Ko\u015bci\u00f3\u0142 \u015bw. Paw\u0142a w Bielsku &#8211; Bia\u0142ej &#8211; ka\u017cda ostatnia \u015aroda miesi\u0105ca o 19:30 &#8222;Cuda dziej\u0105 si\u0119 przez Jego r\u0119ce&#8221; (Mk 6, 2)<\/p>\n","protected":false},"author":1,"featured_media":430,"comment_status":"closed","ping_status":"closed","sticky":false,"template":"","format":"standard","meta":{"footnotes":""},"categories":[1],"tags":[],"class_list":["post-429","post","type-post","status-publish","format-standard","has-post-thumbnail","hentry","category-wspolnoty"],"_links":{"self":[{"href":"https:\/\/parafiaswpawla.pl\/index.php\/wp-json\/wp\/v2\/posts\/429","targetHints":{"allow":["GET"]}}],"collection":[{"href":"https:\/\/parafiaswpawla.pl\/index.php\/wp-json\/wp\/v2\/posts"}],"about":[{"href":"https:\/\/parafiaswpawla.pl\/index.php\/wp-json\/wp\/v2\/types\/post"}],"author":[{"embeddable":true,"href":"https:\/\/parafiaswpawla.pl\/index.php\/wp-json\/wp\/v2\/users\/1"}],"replies":[{"embeddable":true,"href":"https:\/\/parafiaswpawla.pl\/index.php\/wp-json\/wp\/v2\/comments?post=429"}],"version-history":[{"count":1,"href":"https:\/\/parafiaswpawla.pl\/index.php\/wp-json\/wp\/v2\/posts\/429\/revisions"}],"predecessor-version":[{"id":431,"href":"https:\/\/parafiaswpawla.pl\/index.php\/wp-json\/wp\/v2\/posts\/429\/revisions\/431"}],"wp:featuredmedia":[{"embeddable":true,"href":"https:\/\/parafiaswpawla.pl\/index.php\/wp-json\/wp\/v2\/media\/430"}],"wp:attachment":[{"href":"https:\/\/parafiaswpawla.pl\/index.php\/wp-json\/wp\/v2\/media?parent=429"}],"wp:term":[{"taxonomy":"category","embeddable":true,"href":"https:\/\/parafiaswpawla.pl\/index.php\/wp-json\/wp\/v2\/categories?post=429"},{"taxonomy":"post_tag","embeddable":true,"href":"https:\/\/parafiaswpawla.pl\/index.php\/wp-json\/wp\/v2\/tags?post=429"}],"curies":[{"name":"wp","href":"https:\/\/api.w.org\/{rel}","templated":true}]}}