{"id":344,"date":"2023-10-20T21:16:31","date_gmt":"2023-10-20T19:16:31","guid":{"rendered":"https:\/\/pawelbielsko.sacio.pl\/?p=344"},"modified":"2023-10-20T21:20:32","modified_gmt":"2023-10-20T19:20:32","slug":"eucharystia-z-modlitwa-o-uzdrowienie","status":"publish","type":"post","link":"https:\/\/parafiaswpawla.pl\/index.php\/2023\/10\/20\/eucharystia-z-modlitwa-o-uzdrowienie\/","title":{"rendered":"Eucharystia z modlitw\u0105 o uzdrowienie"},"content":{"rendered":"\n<p>Zapraszamy na Eucharysti\u0119 z modlitw\u0105 wstawiennicz\u0105 o uzdrowienie duszy i cia\u0142a.<\/p>\n\n\n\n<p>Ko\u015bci\u00f3\u0142 \u015bw. Paw\u0142a w Bielsku &#8211; Bia\u0142ej &#8211; ka\u017cda ostatnia \u015aroda miesi\u0105ca o 19:30 <\/p>\n\n\n\n<p>&#8222;<em>Wy te\u017c b\u0105d\u017acie gotowi..&#8221; (\u0141k 12, 26)<\/em><\/p>\n","protected":false},"excerpt":{"rendered":"<p>Zapraszamy na Eucharysti\u0119 z modlitw\u0105 wstawiennicz\u0105 o uzdrowienie duszy i cia\u0142a. Ko\u015bci\u00f3\u0142 \u015bw. Paw\u0142a w Bielsku &#8211; Bia\u0142ej &#8211; ka\u017cda ostatnia \u015aroda miesi\u0105ca o 19:30 &#8222;Wy te\u017c b\u0105d\u017acie gotowi..&#8221; (\u0141k 12, 26)<\/p>\n","protected":false},"author":1,"featured_media":345,"comment_status":"closed","ping_status":"open","sticky":false,"template":"","format":"standard","meta":{"footnotes":""},"categories":[1,4],"tags":[],"class_list":["post-344","post","type-post","status-publish","format-standard","has-post-thumbnail","hentry","category-wspolnoty","category-wydarzenia"],"_links":{"self":[{"href":"https:\/\/parafiaswpawla.pl\/index.php\/wp-json\/wp\/v2\/posts\/344","targetHints":{"allow":["GET"]}}],"collection":[{"href":"https:\/\/parafiaswpawla.pl\/index.php\/wp-json\/wp\/v2\/posts"}],"about":[{"href":"https:\/\/parafiaswpawla.pl\/index.php\/wp-json\/wp\/v2\/types\/post"}],"author":[{"embeddable":true,"href":"https:\/\/parafiaswpawla.pl\/index.php\/wp-json\/wp\/v2\/users\/1"}],"replies":[{"embeddable":true,"href":"https:\/\/parafiaswpawla.pl\/index.php\/wp-json\/wp\/v2\/comments?post=344"}],"version-history":[{"count":2,"href":"https:\/\/parafiaswpawla.pl\/index.php\/wp-json\/wp\/v2\/posts\/344\/revisions"}],"predecessor-version":[{"id":348,"href":"https:\/\/parafiaswpawla.pl\/index.php\/wp-json\/wp\/v2\/posts\/344\/revisions\/348"}],"wp:featuredmedia":[{"embeddable":true,"href":"https:\/\/parafiaswpawla.pl\/index.php\/wp-json\/wp\/v2\/media\/345"}],"wp:attachment":[{"href":"https:\/\/parafiaswpawla.pl\/index.php\/wp-json\/wp\/v2\/media?parent=344"}],"wp:term":[{"taxonomy":"category","embeddable":true,"href":"https:\/\/parafiaswpawla.pl\/index.php\/wp-json\/wp\/v2\/categories?post=344"},{"taxonomy":"post_tag","embeddable":true,"href":"https:\/\/parafiaswpawla.pl\/index.php\/wp-json\/wp\/v2\/tags?post=344"}],"curies":[{"name":"wp","href":"https:\/\/api.w.org\/{rel}","templated":true}]}}