{"id":311,"date":"2023-06-26T06:06:47","date_gmt":"2023-06-26T04:06:47","guid":{"rendered":"https:\/\/pawelbielsko.sacio.pl\/?p=311"},"modified":"2025-06-24T16:28:01","modified_gmt":"2025-06-24T14:28:01","slug":"dekret","status":"publish","type":"post","link":"https:\/\/parafiaswpawla.pl\/index.php\/2023\/06\/26\/dekret\/","title":{"rendered":"Dekret"},"content":{"rendered":"\n<p>     Penitencjaria Apostolska dla pog\u0142\u0119bienia pobo\u017cno\u015bci wiernych i zbawienia dusz, na mocy uprawnie\u0144 nadanych prze Ojca \u015bwi\u0119tego Franciszka z okazji Jubileuszy 25-lecia Parafii \u015bw. Paw\u0142a Aposto\u0142a na osiedlu Polskich Skrzyde\u0142 w Bielsku-Bia\u0142ej z duchowego skarbca Ko\u015bcio\u0142a udziela\u00a0<strong>Odpustu Zupe\u0142nego<\/strong>\u00a0pod zwyk\u0142ymi warunkami \/spowied\u017a sakramentalna, Komunia \u015bw., modlitwa w intencjach Papie\u017ca\/ wiernym, kt\u00f3rzy szczerze \u017ca\u0142uj\u0105 za swoje grzechy i kieruj\u0105 si\u0119 mi\u0142o\u015bci\u0105 mog\u0105 go uzyska\u0107 od 29 czerwca 2023 r. do 29 czerwca 2024 r. i ofiarowa\u0107 jako wsparcie dla dusz czy\u015b\u0107cowych, je\u015bli pobo\u017cnie nawiedz\u0105 ko\u015bci\u00f3\u0142 i po\u015bwi\u0119c\u0105 odpowiedni czas na pobo\u017cne rozwa\u017canie zako\u0144czone modlitw\u0105\u00a0<em>Ojcze nasz<\/em>,\u00a0<em>Wyznaniem wiary<\/em>\u00a0oraz wezwaniami do Matki Bo\u017cej w intencjach Papie\u017ca.<\/p>\n\n\n\n<p>     Dokument wydano w Rzymie, w siedzibie Penitencjarii<\/p>\n\n\n\n<p>     12 czerwca Roku Pa\u0144skiego 2023<\/p>\n\n\n\n<p>     podpisali:<\/p>\n\n\n\n<p>     Maurus Kard. Piacenza, Penitencjarz Wi\u0119kszy<br>     ks. Krzysztof Nikiel, Regens<\/p>\n\n\n<div class=\"igd igd-shortcode-wrap igd-shortcode-embed\"><div class=\"igd-embed-wrap\"><iframe loading=\"lazy\" class=\"igd-embed\" src=\"https:\/\/drive.google.com\/file\/d\/1UBLLhHviWtCOjqbWU98M6lTt0WmKxf_e\/preview?rm=minimal\" frameborder=\"0\" width=\"100%\" height=\"\" referrerpolicy=\"no-referrer\" allow=\"autoplay\" allowfullscreen sandbox=\"allow-same-origin allow-scripts allow-popups allow-forms\"><\/iframe><\/div><\/div>","protected":false},"excerpt":{"rendered":"<p>Penitencjaria Apostolska dla pog\u0142\u0119bienia pobo\u017cno\u015bci wiernych i zbawienia dusz, na mocy uprawnie\u0144 nadanych prze Ojca \u015bwi\u0119tego Franciszka z okazji Jubileuszy 25-lecia Parafii \u015bw. Paw\u0142a Aposto\u0142a na osiedlu Polskich Skrzyde\u0142 w Bielsku-Bia\u0142ej z duchowego skarbca Ko\u015bcio\u0142a udziela\u00a0Odpustu Zupe\u0142nego\u00a0pod zwyk\u0142ymi warunkami \/spowied\u017a sakramentalna, Komunia \u015bw., modlitwa w intencjach Papie\u017ca\/ wiernym, kt\u00f3rzy szczerze \u017ca\u0142uj\u0105 za swoje grzechy i&hellip; <br \/> <a class=\"read-more\" href=\"https:\/\/parafiaswpawla.pl\/index.php\/2023\/06\/26\/dekret\/\">Dowiedz si\u0119 wi\u0119cej<\/a><\/p>\n","protected":false},"author":1,"featured_media":312,"comment_status":"closed","ping_status":"closed","sticky":false,"template":"","format":"standard","meta":{"footnotes":""},"categories":[4],"tags":[],"class_list":["post-311","post","type-post","status-publish","format-standard","has-post-thumbnail","hentry","category-wydarzenia"],"_links":{"self":[{"href":"https:\/\/parafiaswpawla.pl\/index.php\/wp-json\/wp\/v2\/posts\/311","targetHints":{"allow":["GET"]}}],"collection":[{"href":"https:\/\/parafiaswpawla.pl\/index.php\/wp-json\/wp\/v2\/posts"}],"about":[{"href":"https:\/\/parafiaswpawla.pl\/index.php\/wp-json\/wp\/v2\/types\/post"}],"author":[{"embeddable":true,"href":"https:\/\/parafiaswpawla.pl\/index.php\/wp-json\/wp\/v2\/users\/1"}],"replies":[{"embeddable":true,"href":"https:\/\/parafiaswpawla.pl\/index.php\/wp-json\/wp\/v2\/comments?post=311"}],"version-history":[{"count":2,"href":"https:\/\/parafiaswpawla.pl\/index.php\/wp-json\/wp\/v2\/posts\/311\/revisions"}],"predecessor-version":[{"id":798,"href":"https:\/\/parafiaswpawla.pl\/index.php\/wp-json\/wp\/v2\/posts\/311\/revisions\/798"}],"wp:featuredmedia":[{"embeddable":true,"href":"https:\/\/parafiaswpawla.pl\/index.php\/wp-json\/wp\/v2\/media\/312"}],"wp:attachment":[{"href":"https:\/\/parafiaswpawla.pl\/index.php\/wp-json\/wp\/v2\/media?parent=311"}],"wp:term":[{"taxonomy":"category","embeddable":true,"href":"https:\/\/parafiaswpawla.pl\/index.php\/wp-json\/wp\/v2\/categories?post=311"},{"taxonomy":"post_tag","embeddable":true,"href":"https:\/\/parafiaswpawla.pl\/index.php\/wp-json\/wp\/v2\/tags?post=311"}],"curies":[{"name":"wp","href":"https:\/\/api.w.org\/{rel}","templated":true}]}}