{"id":120,"date":"2023-02-26T18:55:37","date_gmt":"2023-02-26T16:55:37","guid":{"rendered":"https:\/\/pawelbielsko.sacio.pl\/?p=120"},"modified":"2023-04-05T18:56:07","modified_gmt":"2023-04-05T16:56:07","slug":"rekolekcje-kandydatow-do-bierzmowania","status":"publish","type":"post","link":"https:\/\/parafiaswpawla.pl\/index.php\/2023\/02\/26\/rekolekcje-kandydatow-do-bierzmowania\/","title":{"rendered":"Rekolekcje kandydat\u00f3w do bierzmowania"},"content":{"rendered":"\n<p>     W dniach 24-26 lutego 2023 r. kandydaci do bierzmowania prze\u017cywali swoje rekolekcje ewangelizacyjne w Bystrej Krakowskiej.<br>Dzi\u0119kujemy za modlitw\u0119!<\/p>\n\n\n\n<figure class=\"wp-block-image size-full\"><img loading=\"lazy\" decoding=\"async\" width=\"960\" height=\"542\" src=\"https:\/\/parafiaswpawla.pl\/wp-content\/uploads\/2023\/04\/OazaM.jpg\" alt=\"\" class=\"wp-image-117\" srcset=\"https:\/\/parafiaswpawla.pl\/wp-content\/uploads\/2023\/04\/OazaM.jpg 960w, https:\/\/parafiaswpawla.pl\/wp-content\/uploads\/2023\/04\/OazaM-300x169.jpg 300w, https:\/\/parafiaswpawla.pl\/wp-content\/uploads\/2023\/04\/OazaM-768x434.jpg 768w\" sizes=\"auto, (max-width: 960px) 100vw, 960px\" \/><\/figure>\n","protected":false},"excerpt":{"rendered":"<p>W dniach 24-26 lutego 2023 r. kandydaci do bierzmowania prze\u017cywali swoje rekolekcje ewangelizacyjne w Bystrej Krakowskiej.Dzi\u0119kujemy za modlitw\u0119!<\/p>\n","protected":false},"author":1,"featured_media":117,"comment_status":"closed","ping_status":"open","sticky":false,"template":"","format":"standard","meta":{"footnotes":""},"categories":[1],"tags":[],"class_list":["post-120","post","type-post","status-publish","format-standard","has-post-thumbnail","hentry","category-wspolnoty"],"_links":{"self":[{"href":"https:\/\/parafiaswpawla.pl\/index.php\/wp-json\/wp\/v2\/posts\/120","targetHints":{"allow":["GET"]}}],"collection":[{"href":"https:\/\/parafiaswpawla.pl\/index.php\/wp-json\/wp\/v2\/posts"}],"about":[{"href":"https:\/\/parafiaswpawla.pl\/index.php\/wp-json\/wp\/v2\/types\/post"}],"author":[{"embeddable":true,"href":"https:\/\/parafiaswpawla.pl\/index.php\/wp-json\/wp\/v2\/users\/1"}],"replies":[{"embeddable":true,"href":"https:\/\/parafiaswpawla.pl\/index.php\/wp-json\/wp\/v2\/comments?post=120"}],"version-history":[{"count":2,"href":"https:\/\/parafiaswpawla.pl\/index.php\/wp-json\/wp\/v2\/posts\/120\/revisions"}],"predecessor-version":[{"id":218,"href":"https:\/\/parafiaswpawla.pl\/index.php\/wp-json\/wp\/v2\/posts\/120\/revisions\/218"}],"wp:featuredmedia":[{"embeddable":true,"href":"https:\/\/parafiaswpawla.pl\/index.php\/wp-json\/wp\/v2\/media\/117"}],"wp:attachment":[{"href":"https:\/\/parafiaswpawla.pl\/index.php\/wp-json\/wp\/v2\/media?parent=120"}],"wp:term":[{"taxonomy":"category","embeddable":true,"href":"https:\/\/parafiaswpawla.pl\/index.php\/wp-json\/wp\/v2\/categories?post=120"},{"taxonomy":"post_tag","embeddable":true,"href":"https:\/\/parafiaswpawla.pl\/index.php\/wp-json\/wp\/v2\/tags?post=120"}],"curies":[{"name":"wp","href":"https:\/\/api.w.org\/{rel}","templated":true}]}}